{"id":2202,"date":"2022-02-05T06:59:10","date_gmt":"2022-02-05T06:59:10","guid":{"rendered":"http:\/\/www.punca.si\/?p=2202"},"modified":"2022-02-05T19:51:06","modified_gmt":"2022-02-05T19:51:06","slug":"ne-zamudi-praznika-kulture","status":"publish","type":"post","link":"http:\/\/www.punca.si\/?p=2202","title":{"rendered":"Ne zamudi praznika kulture!"},"content":{"rendered":"<h3><span class=\"font-210119\" style=\"color: #ffbe9f;\">Kaj ni \u010dudovito, da imamo podalj\u0161an vikend! Kon\u010damo ga lahko v torek s \u010dudovito pre\u017eivetim dnem na eni od kulturnih prireditev, ki so za kulturni praznik, Pre\u0161ernov dan, brezpla\u010dne.\u00a0 Zato izkoristi to prilo\u017enost in si v torek, 8. 2., privo\u0161\u010di lep dan, ki ti bo napolnil du\u0161o in srce. Punca ima zate nekaj idej, kam se lahko odpravi\u0161.<br \/>\n<\/span><\/h3>\n<h4><span class=\"font-210119\" style=\"color: #81b38a;\">\u017dIROVNICA<\/span><\/h4>\n<p>Najbolj ponosno Pre\u0161ernov dan praznujejo v \u017dirovnici, Pre\u0161ernovem rojstnem kraju. Vse njihove dogodke si lahko ogledate <a href=\"https:\/\/visitzirovnica.si\/pohod-po-poti-kulturne-dediscine-zirovnica-8-februar-2022\/\">TUKAJ<\/a><\/p>\n<p>PUNCA.SI SVETUJE: <strong>Literarni nate\u010daj Pre\u0161erni izziv<\/strong>, <strong>ogled Pre\u0161ernove rojstne hi\u0161e<\/strong>.<\/p>\n<h4><span class=\"font-210119\" style=\"color: #81b38a;\">PIRAN\u00a0<\/span><\/h4>\n<p>Se strinja\u0161, da je Piran kar v celoti velik muzej, po katerem se lahko sprehaja\u0161 in ga ob\u010duduje\u0161 cel dan?<\/p>\n<p>PUNCA.SI SVETUJE: <strong>Razstava<\/strong> na prostem: <strong>Na sprehodu s Tartinijem<\/strong><\/p>\n<h4><span class=\"font-210119\" style=\"color: #81b38a;\">KRAS<\/span><\/h4>\n<p>&nbsp;<\/p>\n<div class=\"rubrika\">Ob Pre\u0161ernovem dnevu, slovenskem kulturnem prazniku, v Se\u017eani v Kosovelovem domu odpirajo razstavo So\u017eitje. Razstava Jo\u017eeta in Katarine Spacal je so\u017eitje likovnih del o\u010deta in h\u010dere, dveh povsem raznolikih umetni\u0161kih osebnosti.<\/div>\n<p>PUNCA.SI SVETUJE: <strong>Dan odprtih vrat v Kobilarni Lipica<\/strong>, dan odprtih vrat in<strong> strokovno vodenje po Galeriji Lojzeta Spacala \u0160tanjel.<\/strong><\/p>\n<h4><span class=\"font-210119\" style=\"color: #81b38a;\">MURSKA SOBOTA in GORNJA RADGONA<\/span><\/h4>\n<p>V Domu kulture Gornja Radgona za\u010dnejo praznovati \u017ee v ponedeljek, 7. 2. z odprtjem razstave Dane \u0160trucelj Maske in ptice ob 17. uri v galeriji Doma kulture Gornja Radgona. Ob 18. uri sledi pogovor z vsestransko umetnico Tamaro Vogrin Taro in predstavitev njene avtorske knjige Gornja Radgona v sliki v dvorani Doma kulture Gornja Radgona, ve\u010der pa lahko zaklju\u010di\u0161 s koncertnim sprehodom skozi brez\u010dasne \u0161ansone z Vito Mavri\u010d.<\/p>\n<p>PUNCA.SI SVETUJE:<\/p>\n<p><strong>Pomurski muzej<\/strong> Murska Sobota, kjer si lahko med 9. in 17. uro brezpla\u010dno ogleda\u0161\u00a0 <strong>stalno in dve ob\u010dasni razstavi<\/strong>: Pomanjkanje, zadostnost, izobilje ter Sobota pred Sobotov.<\/p>\n<h4><span class=\"font-210119\" style=\"color: #81b38a;\">NOVO MESTO<\/span><\/h4>\n<p>Spoznaj Novo mesto na <span class=\"napovednikOstalo\"><a href=\"https:\/\/www.dolenjskilist.si\/2022\/02\/08\/257745\/napovedniki\/prireditve\/Brezplacen_voden_ogled_Novega_mesta_zbor_pred_Rotovzem\/\">Brezpla\u010dnem vodenem ogledu Novega mesta, zbor pred Rotov\u017eem ob 15-00<\/a>\u00a0<\/span><\/p>\n<p>PUNCA.SI SVETUJE: Brezpla\u010den <strong>ogled slovenskega filma Ne pozabi dihati<\/strong>.<\/p>\n<h4><span class=\"font-210119\" style=\"color: #81b38a;\">MARIBOR<\/span><\/h4>\n<p>Pester izbor prireditev si oglejte <a href=\"https:\/\/www.visitmaribor.si\/si\/kaj-poceti\/dogodki-in-prireditve\/vsi-dogodki-in-prireditve\/17717-presernov-dan-v-mariboru-brezplacne-prireditve\">TUKAJ<\/a><\/p>\n<p>PUNCA.SI SVETUJE: Vodenje <strong>po Hi\u0161i Stare trte z virtualnim do\u017eivetjem<\/strong> zgodbe najstarej\u0161e trte sveta, dan odprtih vrat v <strong>Umetnostni galeriji Maribor<\/strong>, voden<strong> ogled Minoritskega samostana.<\/strong><\/p>\n<h4><span class=\"font-210119\" style=\"color: #81b38a;\">LJUBLJANA\u00a0<\/span><\/h4>\n<p><strong>Pre\u0161ernov dan na Ljubljanskem gradu\u00a0<\/strong><\/p>\n<p><strong>Egip\u010danska zbirka v narodnem muzeju <\/strong>&#8211; poleg bogate zbirke si v tihoti grobnice oglej edino staroegip\u010dansko krsto s \u010dlove\u0161ko mumijo v Sloveniji.<\/p>\n<p>PUNCA.SI SVETUJE: <strong>Razstava &#8220;Taljenje. Podobe podnebnih sprememb&#8221; Galerija Jakopi\u010d\u00a0 &#8211; <\/strong>umetni\u0161ka interpretacija 17 avtorjev in avtoric, ki so skozi ilustrativno, poeti\u010dno in znanstveno pripoved prikazali pomen ledenikov in pere\u010do problematiko taljenja ledenikov po svetu.<\/p>\n<h4><span class=\"font-210119\" style=\"color: #81b38a;\">VRHNIKA\u00a0 \u00a0\u00a0<\/span><\/h4>\n<p>Poi\u0161\u010di ostanke rimskega obrambnega zidu, zgrajenega v 3.-\u00ad4. st. n. \u0161t., ki naj bi branil Rimski imperij pred vdori vzhodnih ljudstev. V bli\u017eini \u0160tampetovega mostu v sklopu rimskega obrambnega zidu stoji\u00a0edini rekonstruiran obrambni stolp, ki je varoval rimsko cesto.<\/p>\n<p>PUNCA.SI SVETUJE:\u00a0 <strong>Razstava Moja Ljubljanica <\/strong>Kulturni center<strong>, ogled Cankarjeve hi\u0161e <\/strong>na Klancu<strong>.<\/strong><\/p>\n<h4><span class=\"font-210119\" style=\"color: #81b38a;\">KRANJ<\/span><\/h4>\n<p><strong>Pre\u0161ernov smenj &#8211; trgi in ulice starega Kranja, <\/strong>kjer te \u010daka pester izbor prireditev in dogodkov, ki si ga lahko ogledate <a href=\"https:\/\/www.visitkranj.com\/presernov-smenj-kranj\/program\">TUKAJ<\/a><\/p>\n<p>PUNCA.SI SVETUJE: <strong>Razstava \u017denski liki v Pre\u0161ernovi poeziji<\/strong> (Pre\u0161ernova hi\u0161a), <strong>Andra\u017e Poli\u010d &amp; Primo\u017e Pirnat &#8211; uglasbena poezija<\/strong> (Stolp \u0160krlovec), <strong>\u00a0Klasi\u010den voden ogled Kranja<\/strong><\/p>\n<p>*Ve\u010dina razstav je na 8. 2. odprtih od 10:00-18:00, a predlagamo, da preveri\u0161 to\u010dne termine in pogoje ogledov preko spleta. Na dolo\u010dene dogodke se je namre\u010d treba predhodno naro\u010diti.<\/p>\n<div class='bootstrap-yop yop-poll-mc'>\n\t\t\t\t\t\t\t<div class=\"basic-yop-poll-container\" style=\"background-color:#ffffff; border:0px; border-style:solid; border-color:#ffffff; border-radius:0px; padding:10px 10px;\" data-id=\"95\" data-temp=\"basic\" data-skin=\"minimal\" data-cscheme=\"black\" data-cap=\"0\" data-access=\"guest\" data-tid=\"\" data-uid=\"41d53f12f109bc1cdc229325a13f4579\" data-resdet=\"percentages\" data-show-results-to=\"guest\" data-show-results-moment=\"after-vote\" data-show-results-only=\"false\" data-show-message=\"true\" data-show-results-as=\"bar\" data-sort-results-by=\"as-defined\" data-sort-results-rule=\"asc\" data-gdpr=\"no\" data-gdpr-sol=\"consent\" data-css=\".basic-yop-poll-container { text-align: center; border-top: 2px solid #81B38A !important; margin: 40px 0; border-bottom: 2px solid #81B38A !important; } .headings-style, h1, h2, h3, h4, h5, h6 { font-family: &#039;Brevia-Bold&#039; !important; } .progress-bar { background-color: #FBBE9F !important; } .basic-yop-poll-container { display: flex; } .basic-text-horizontal { padding: 0 50px; justify-content: center !important; }\" data-counter=\"0\" data-load-with=\"1\" data-notification-section=\"top\"><div class=\"row\"><div class=\"col-md-12\"><div class=\"basic-inner\"><div class=\"basic-message hide\" style=\"border-left: 10px solid #008000; padding: 0px 10px;\" data-error=\"#ff0000\" data-success=\"#008000\"><p class=\"basic-message-text\" style=\"color:#000000; font-size:14px; font-weight:normal;\"><\/p><\/div><div class=\"basic-overlay hide\"><div class=\"basic-vote-options\"><\/div><div class=\"basic-preloader\"><div class=\"basic-windows8\"><div class=\"basic-wBall basic-wBall_1\"><div class=\"basic-wInnerBall\"><\/div><\/div><div class=\"basic-wBall basic-wBall_2\"><div class=\"basic-wInnerBall\"><\/div><\/div><div class=\"basic-wBall basic-wBall_3\"><div class=\"basic-wInnerBall\"><\/div><\/div><div class=\"basic-wBall basic-wBall_4\"><div class=\"basic-wInnerBall\"><\/div><\/div><div class=\"basic-wBall basic-wBall_5\"><div class=\"basic-wInnerBall\"><\/div><\/div><\/div><\/div><\/div><form class=\"basic-form\"><input type=\"hidden\" name=\"_token\" value=\"f5c07b6161\"><div class=\"basic-elements\"><div class=\"basic-element basic-question basic-question-text-horizontal\" data-id=\"95\" data-uid=\"8104190aba8a56fce8b87ca3ae325eb4\" data-type=\"question\" data-question-type=\"text\" data-min=\"1\" data-max=\"1\" data-display=\"horizontal\" data-colnum=\"\" data-display-others=\"no\" data-others-color=\"\" data-others=\"\"><div class=\"basic-question-title\"><h5 style=\"color:#81b38a; font-size:20px; font-weight:normal; text-align:center;\">Se bo\u0161 udele\u017eila kak\u0161nega kulturnega dogodka?<\/h5><\/div><ul class=\"basic-answers basic-h-answers\"><li class=\"basic-answer col-xs-6 col-sm-6 col-md-6\" style=\"padding:10px 0px;\" data-id=\"189\" data-type=\"text\" data-vn=\"3\" data-color=\"#000000\" data-make-link=\"no\" data-link=\"\"><div class=\"basic-answer-content basic-text-horizontal\"><label for=\"answer[189]\" class=\"basic-answer-label\"><input type=\"radio\" id=\"answer[189]\" name=\"answer[95]\" value=\"189\" autocomplete=\"off\"><span class=\"basic-text\" style=\"color: #000000; font-size: 14px; font-weight: normal;\">DA<\/span><\/label><\/div><\/li><li class=\"basic-answer col-xs-6 col-sm-6 col-md-6\" style=\"padding:10px 0px;\" data-id=\"190\" data-type=\"text\" data-vn=\"0\" data-color=\"#000000\" data-make-link=\"no\" data-link=\"\"><div class=\"basic-answer-content basic-text-horizontal\"><label for=\"answer[190]\" class=\"basic-answer-label\"><input type=\"radio\" id=\"answer[190]\" name=\"answer[95]\" value=\"190\" autocomplete=\"off\"><span class=\"basic-text\" style=\"color: #000000; font-size: 14px; font-weight: normal;\">NE<\/span><\/label><\/div><\/li><\/ul><\/div><div class=\"clearfix\"><\/div><\/div><div class=\"basic-vote\"><a href=\"#\" class=\"button basic-vote-button\" style=\"background:#fbbe9f; border:1px; border-style: solid; border-color:#f5a262; border-radius:0px; padding:5px 10px; color:#000000; font-size:14px; font-weight:normal;\">Oddaj<\/a><a href=\"#\" class=\"button basic-results-button\" style=\"background:#fbbe9f; border:1px; border-style: solid; border-color:#f5a262; border-radius:0px; padding:5px 10px; color:#000000; font-size:14px; font-weight:normal;\">Rezultati<\/a><\/div><\/form><\/div><\/div><\/div><\/div>\n\t\t\t\t\t\t<\/div>\n","protected":false},"excerpt":{"rendered":"<p>Kaj ni \u010dudovito, da imamo podalj\u0161an vikend! Kon\u010damo ga lahko v torek s \u010dudovito pre\u017eivetim dnem na eni od kulturnih [&hellip;]<\/p>\n","protected":false},"author":19,"featured_media":0,"comment_status":"open","ping_status":"open","sticky":false,"template":"","format":"standard","meta":{"_monsterinsights_skip_tracking":false,"_monsterinsights_sitenote_active":false,"_monsterinsights_sitenote_note":"","_monsterinsights_sitenote_category":0},"categories":[9,13],"tags":[489,490,491,492,493,494,495,496,497,498],"yoast_head":"<!-- This site is optimized with the Yoast SEO plugin v17.2.1 - https:\/\/yoast.com\/wordpress\/plugins\/seo\/ -->\n<title>Ne zamudi praznika kulture! - Punca.si<\/title>\n<meta name=\"description\" content=\"Punca.si je zate pripravila nekaj idej, kam lahko gre\u0161 napolnit svojo du\u0161o in srce na Pre\u0161ernov dan, kulturni praznik.\" \/>\n<meta name=\"robots\" content=\"index, follow, max-snippet:-1, max-image-preview:large, max-video-preview:-1\" \/>\n<link rel=\"canonical\" href=\"http:\/\/www.punca.si\/?p=2202\" \/>\n<meta property=\"og:locale\" content=\"sl_SI\" \/>\n<meta property=\"og:type\" content=\"article\" \/>\n<meta property=\"og:title\" content=\"Ne zamudi praznika kulture! - Punca.si\" \/>\n<meta property=\"og:description\" content=\"Punca.si je zate pripravila nekaj idej, kam lahko gre\u0161 napolnit svojo du\u0161o in srce na Pre\u0161ernov dan, kulturni praznik.\" \/>\n<meta property=\"og:url\" content=\"http:\/\/www.punca.si\/?p=2202\" \/>\n<meta property=\"og:site_name\" content=\"Punca.si\" \/>\n<meta property=\"article:published_time\" content=\"2022-02-05T06:59:10+00:00\" \/>\n<meta property=\"article:modified_time\" content=\"2022-02-05T19:51:06+00:00\" \/>\n<meta name=\"twitter:card\" content=\"summary_large_image\" \/>\n<meta name=\"twitter:label1\" content=\"Written by\" \/>\n\t<meta name=\"twitter:data1\" content=\"Mateja Osredkar\" \/>\n\t<meta name=\"twitter:label2\" content=\"Est. reading time\" \/>\n\t<meta name=\"twitter:data2\" content=\"3 minute\" \/>\n<script type=\"application\/ld+json\" class=\"yoast-schema-graph\">{\"@context\":\"https:\/\/schema.org\",\"@graph\":[{\"@type\":\"WebSite\",\"@id\":\"http:\/\/www.punca.si\/#website\",\"url\":\"http:\/\/www.punca.si\/\",\"name\":\"Punca.si\",\"description\":\"Samo zate!\",\"potentialAction\":[{\"@type\":\"SearchAction\",\"target\":{\"@type\":\"EntryPoint\",\"urlTemplate\":\"http:\/\/www.punca.si\/?s={search_term_string}\"},\"query-input\":\"required name=search_term_string\"}],\"inLanguage\":\"sl-SI\"},{\"@type\":\"WebPage\",\"@id\":\"http:\/\/www.punca.si\/?p=2202#webpage\",\"url\":\"http:\/\/www.punca.si\/?p=2202\",\"name\":\"Ne zamudi praznika kulture! - Punca.si\",\"isPartOf\":{\"@id\":\"http:\/\/www.punca.si\/#website\"},\"datePublished\":\"2022-02-05T06:59:10+00:00\",\"dateModified\":\"2022-02-05T19:51:06+00:00\",\"author\":{\"@id\":\"http:\/\/www.punca.si\/#\/schema\/person\/d33110d20ad76f6053212f358ea76ae8\"},\"description\":\"Punca.si je zate pripravila nekaj idej, kam lahko gre\\u0161 napolnit svojo du\\u0161o in srce na Pre\\u0161ernov dan, kulturni praznik.\",\"breadcrumb\":{\"@id\":\"http:\/\/www.punca.si\/?p=2202#breadcrumb\"},\"inLanguage\":\"sl-SI\",\"potentialAction\":[{\"@type\":\"ReadAction\",\"target\":[\"http:\/\/www.punca.si\/?p=2202\"]}]},{\"@type\":\"BreadcrumbList\",\"@id\":\"http:\/\/www.punca.si\/?p=2202#breadcrumb\",\"itemListElement\":[{\"@type\":\"ListItem\",\"position\":1,\"name\":\"Home\",\"item\":\"http:\/\/www.punca.si\/\"},{\"@type\":\"ListItem\",\"position\":2,\"name\":\"Ne zamudi praznika kulture!\"}]},{\"@type\":\"Person\",\"@id\":\"http:\/\/www.punca.si\/#\/schema\/person\/d33110d20ad76f6053212f358ea76ae8\",\"name\":\"Mateja Osredkar\",\"image\":{\"@type\":\"ImageObject\",\"@id\":\"http:\/\/www.punca.si\/#personlogo\",\"inLanguage\":\"sl-SI\",\"url\":\"http:\/\/1.gravatar.com\/avatar\/ab29b870575c0ee1e6b8d71fd6c9210a?s=96&d=mm&r=g\",\"contentUrl\":\"http:\/\/1.gravatar.com\/avatar\/ab29b870575c0ee1e6b8d71fd6c9210a?s=96&d=mm&r=g\",\"caption\":\"Mateja Osredkar\"},\"description\":\"Mateja Osredkar je mama treh otrok. Dveh zemeljskih. Po poklicu je industrijska oblikovalka, \\u017ee od mladosti velika ljubiteljica interjerja in notranjega oblikovanja. V \\u017eivljenju je morala \\u017ee skozi mnoge te\\u017eke izku\\u0161nje, ki jih deli s svetom, saj s tem pomaga mnogim, ki se soo\\u010dajo s podobnimi te\\u017eavami. Ve\\u010d o Mateji\",\"sameAs\":[\"https:\/\/www.instagram.com\/pogumna_z_alopecijo\/\"],\"url\":\"http:\/\/www.punca.si\/?author=19\"}]}<\/script>\n<!-- \/ Yoast SEO plugin. -->","yoast_head_json":{"title":"Ne zamudi praznika kulture! - Punca.si","description":"Punca.si je zate pripravila nekaj idej, kam lahko gre\u0161 napolnit svojo du\u0161o in srce na Pre\u0161ernov dan, kulturni praznik.","robots":{"index":"index","follow":"follow","max-snippet":"max-snippet:-1","max-image-preview":"max-image-preview:large","max-video-preview":"max-video-preview:-1"},"canonical":"http:\/\/www.punca.si\/?p=2202","og_locale":"sl_SI","og_type":"article","og_title":"Ne zamudi praznika kulture! - Punca.si","og_description":"Punca.si je zate pripravila nekaj idej, kam lahko gre\u0161 napolnit svojo du\u0161o in srce na Pre\u0161ernov dan, kulturni praznik.","og_url":"http:\/\/www.punca.si\/?p=2202","og_site_name":"Punca.si","article_published_time":"2022-02-05T06:59:10+00:00","article_modified_time":"2022-02-05T19:51:06+00:00","twitter_card":"summary_large_image","twitter_misc":{"Written by":"Mateja Osredkar","Est. reading time":"3 minute"},"schema":{"@context":"https:\/\/schema.org","@graph":[{"@type":"WebSite","@id":"http:\/\/www.punca.si\/#website","url":"http:\/\/www.punca.si\/","name":"Punca.si","description":"Samo zate!","potentialAction":[{"@type":"SearchAction","target":{"@type":"EntryPoint","urlTemplate":"http:\/\/www.punca.si\/?s={search_term_string}"},"query-input":"required name=search_term_string"}],"inLanguage":"sl-SI"},{"@type":"WebPage","@id":"http:\/\/www.punca.si\/?p=2202#webpage","url":"http:\/\/www.punca.si\/?p=2202","name":"Ne zamudi praznika kulture! - Punca.si","isPartOf":{"@id":"http:\/\/www.punca.si\/#website"},"datePublished":"2022-02-05T06:59:10+00:00","dateModified":"2022-02-05T19:51:06+00:00","author":{"@id":"http:\/\/www.punca.si\/#\/schema\/person\/d33110d20ad76f6053212f358ea76ae8"},"description":"Punca.si je zate pripravila nekaj idej, kam lahko gre\u0161 napolnit svojo du\u0161o in srce na Pre\u0161ernov dan, kulturni praznik.","breadcrumb":{"@id":"http:\/\/www.punca.si\/?p=2202#breadcrumb"},"inLanguage":"sl-SI","potentialAction":[{"@type":"ReadAction","target":["http:\/\/www.punca.si\/?p=2202"]}]},{"@type":"BreadcrumbList","@id":"http:\/\/www.punca.si\/?p=2202#breadcrumb","itemListElement":[{"@type":"ListItem","position":1,"name":"Home","item":"http:\/\/www.punca.si\/"},{"@type":"ListItem","position":2,"name":"Ne zamudi praznika kulture!"}]},{"@type":"Person","@id":"http:\/\/www.punca.si\/#\/schema\/person\/d33110d20ad76f6053212f358ea76ae8","name":"Mateja Osredkar","image":{"@type":"ImageObject","@id":"http:\/\/www.punca.si\/#personlogo","inLanguage":"sl-SI","url":"http:\/\/1.gravatar.com\/avatar\/ab29b870575c0ee1e6b8d71fd6c9210a?s=96&d=mm&r=g","contentUrl":"http:\/\/1.gravatar.com\/avatar\/ab29b870575c0ee1e6b8d71fd6c9210a?s=96&d=mm&r=g","caption":"Mateja Osredkar"},"description":"Mateja Osredkar je mama treh otrok. Dveh zemeljskih. Po poklicu je industrijska oblikovalka, \u017ee od mladosti velika ljubiteljica interjerja in notranjega oblikovanja. V \u017eivljenju je morala \u017ee skozi mnoge te\u017eke izku\u0161nje, ki jih deli s svetom, saj s tem pomaga mnogim, ki se soo\u010dajo s podobnimi te\u017eavami. Ve\u010d o Mateji","sameAs":["https:\/\/www.instagram.com\/pogumna_z_alopecijo\/"],"url":"http:\/\/www.punca.si\/?author=19"}]}},"_links":{"self":[{"href":"http:\/\/www.punca.si\/index.php?rest_route=\/wp\/v2\/posts\/2202"}],"collection":[{"href":"http:\/\/www.punca.si\/index.php?rest_route=\/wp\/v2\/posts"}],"about":[{"href":"http:\/\/www.punca.si\/index.php?rest_route=\/wp\/v2\/types\/post"}],"author":[{"embeddable":true,"href":"http:\/\/www.punca.si\/index.php?rest_route=\/wp\/v2\/users\/19"}],"replies":[{"embeddable":true,"href":"http:\/\/www.punca.si\/index.php?rest_route=%2Fwp%2Fv2%2Fcomments&post=2202"}],"version-history":[{"count":20,"href":"http:\/\/www.punca.si\/index.php?rest_route=\/wp\/v2\/posts\/2202\/revisions"}],"predecessor-version":[{"id":2225,"href":"http:\/\/www.punca.si\/index.php?rest_route=\/wp\/v2\/posts\/2202\/revisions\/2225"}],"wp:attachment":[{"href":"http:\/\/www.punca.si\/index.php?rest_route=%2Fwp%2Fv2%2Fmedia&parent=2202"}],"wp:term":[{"taxonomy":"category","embeddable":true,"href":"http:\/\/www.punca.si\/index.php?rest_route=%2Fwp%2Fv2%2Fcategories&post=2202"},{"taxonomy":"post_tag","embeddable":true,"href":"http:\/\/www.punca.si\/index.php?rest_route=%2Fwp%2Fv2%2Ftags&post=2202"}],"curies":[{"name":"wp","href":"https:\/\/api.w.org\/{rel}","templated":true}]}}